{"id":627,"date":"2025-07-09T14:03:21","date_gmt":"2025-07-09T12:03:21","guid":{"rendered":"https:\/\/fradevents.com\/?p=627"},"modified":"2025-07-08T14:18:31","modified_gmt":"2025-07-08T12:18:31","slug":"gala-de-danse-a-dieue-sur-meuse","status":"publish","type":"post","link":"https:\/\/fradevents.com\/index.php\/2025\/07\/09\/gala-de-danse-a-dieue-sur-meuse\/","title":{"rendered":"Gala de danse \u00e0 Dieue-sur-Meuse !"},"content":{"rendered":"\n<p class=\"has-medium-font-size\"><strong>Un grand merci \u00e0 Fit\u2019n Dance pour leur confiance \u00e0 l\u2019occasion de leur gala de danse \u00e0 Dieue-sur-Meuse !<\/strong><br>Nous sommes fiers d\u2019avoir assur\u00e9 <strong>toute la partie technique son &amp; lumi\u00e8re \u2728<\/strong><br>Un super moment partag\u00e9 avec une \u00e9quipe passionn\u00e9e et un public au rendez-vous \ud83d\ude4c<\/p>\n\n\n\n<p class=\"has-medium-font-size\">\ud83d\udd17 L\u2019Est R\u00e9publicain en parle ici \ud83d\udc47<br><em>(Petite coquille sur le nom dans l\u2019article\u2026 C\u2019est bien <strong>Frad\u2019Events<\/strong>, pas Fred \ud83d\ude05 \u2014 \u00e7a fait la troisi\u00e8me fois, on commence \u00e0 s\u2019y faire !)<\/em><\/p>\n\n\n\n<p class=\"has-medium-font-size\"><a href=\"https:\/\/www.estrepublicain.fr\/culture-loisirs\/2025\/07\/03\/fit-n-dance-un-gala-chaud-rythme-par-la-passion\">Dieue-sur-Meuse. Fit\u2019N Dance&nbsp;: un gala chaud rythm\u00e9 par la passion<\/a><\/p>\n\n\n\n<figure class=\"wp-block-image size-large\"><img loading=\"lazy\" decoding=\"async\" width=\"720\" height=\"540\" src=\"https:\/\/fradevents.com\/wp-content\/uploads\/2025\/07\/IMG-20250628-WA0010-edited.jpg\" alt=\"\" class=\"wp-image-629\" srcset=\"https:\/\/fradevents.com\/wp-content\/uploads\/2025\/07\/IMG-20250628-WA0010-edited.jpg 720w, https:\/\/fradevents.com\/wp-content\/uploads\/2025\/07\/IMG-20250628-WA0010-edited-300x225.jpg 300w\" sizes=\"auto, (max-width: 720px) 100vw, 720px\" \/><\/figure>\n\n\n\n<p><\/p>\n","protected":false},"excerpt":{"rendered":"<p>Un grand merci \u00e0 Fit\u2019n Dance pour leur confiance \u00e0 l\u2019occasion de leur gala de danse \u00e0 Dieue-sur-Meuse !Nous sommes fiers d\u2019avoir assur\u00e9 toute la partie technique son &amp; lumi\u00e8re \u2728Un super moment partag\u00e9 avec une \u00e9quipe passionn\u00e9e et un public au rendez-vous \ud83d\ude4c \ud83d\udd17 L\u2019Est R\u00e9publicain en parle ici \ud83d\udc47(Petite coquille sur le nom [&hellip;]<\/p>\n","protected":false},"author":1,"featured_media":0,"comment_status":"open","ping_status":"open","sticky":false,"template":"","format":"standard","meta":{"footnotes":""},"categories":[1],"tags":[],"class_list":["post-627","post","type-post","status-publish","format-standard","hentry","category-non-classe"],"_links":{"self":[{"href":"https:\/\/fradevents.com\/index.php\/wp-json\/wp\/v2\/posts\/627","targetHints":{"allow":["GET"]}}],"collection":[{"href":"https:\/\/fradevents.com\/index.php\/wp-json\/wp\/v2\/posts"}],"about":[{"href":"https:\/\/fradevents.com\/index.php\/wp-json\/wp\/v2\/types\/post"}],"author":[{"embeddable":true,"href":"https:\/\/fradevents.com\/index.php\/wp-json\/wp\/v2\/users\/1"}],"replies":[{"embeddable":true,"href":"https:\/\/fradevents.com\/index.php\/wp-json\/wp\/v2\/comments?post=627"}],"version-history":[{"count":1,"href":"https:\/\/fradevents.com\/index.php\/wp-json\/wp\/v2\/posts\/627\/revisions"}],"predecessor-version":[{"id":630,"href":"https:\/\/fradevents.com\/index.php\/wp-json\/wp\/v2\/posts\/627\/revisions\/630"}],"wp:attachment":[{"href":"https:\/\/fradevents.com\/index.php\/wp-json\/wp\/v2\/media?parent=627"}],"wp:term":[{"taxonomy":"category","embeddable":true,"href":"https:\/\/fradevents.com\/index.php\/wp-json\/wp\/v2\/categories?post=627"},{"taxonomy":"post_tag","embeddable":true,"href":"https:\/\/fradevents.com\/index.php\/wp-json\/wp\/v2\/tags?post=627"}],"curies":[{"name":"wp","href":"https:\/\/api.w.org\/{rel}","templated":true}]}}