{"id":616,"date":"2025-06-03T14:07:57","date_gmt":"2025-06-03T12:07:57","guid":{"rendered":"https:\/\/fradevents.com\/?p=616"},"modified":"2025-06-03T14:07:57","modified_gmt":"2025-06-03T12:07:57","slug":"un-beau-moment-de-territoire-une-belle-mission-pour-fradevents","status":"publish","type":"post","link":"https:\/\/fradevents.com\/index.php\/2025\/06\/03\/un-beau-moment-de-territoire-une-belle-mission-pour-fradevents\/","title":{"rendered":"Un beau moment de territoire, une belle mission pour FRAD\u2019EVENTS !"},"content":{"rendered":"\n<figure class=\"wp-block-image size-large\"><img loading=\"lazy\" decoding=\"async\" width=\"768\" height=\"1024\" src=\"https:\/\/fradevents.com\/wp-content\/uploads\/2025\/06\/WhatsApp-Image-2025-05-27-a-18.32.48_f4688f52-768x1024.jpg\" alt=\"\" class=\"wp-image-617\" srcset=\"https:\/\/fradevents.com\/wp-content\/uploads\/2025\/06\/WhatsApp-Image-2025-05-27-a-18.32.48_f4688f52-768x1024.jpg 768w, https:\/\/fradevents.com\/wp-content\/uploads\/2025\/06\/WhatsApp-Image-2025-05-27-a-18.32.48_f4688f52-225x300.jpg 225w, https:\/\/fradevents.com\/wp-content\/uploads\/2025\/06\/WhatsApp-Image-2025-05-27-a-18.32.48_f4688f52-1152x1536.jpg 1152w, https:\/\/fradevents.com\/wp-content\/uploads\/2025\/06\/WhatsApp-Image-2025-05-27-a-18.32.48_f4688f52.jpg 1200w\" sizes=\"auto, (max-width: 768px) 100vw, 768px\" \/><\/figure>\n\n\n\n<p>La semaine derni\u00e8re, l\u2019\u00c9cole des Savoirs Jean Babin a \u00e9t\u00e9 inaugur\u00e9e \u00e0 Varennes-en-Argonne \ud83c\udf93Un projet remarquable qui regroupe en un seul site moderne et lumineux : \u00e9cole maternelle, \u00e9l\u00e9mentaire, coll\u00e8ge, espace p\u00e9riscolaire et biblioth\u00e8que.<br><br>Pour cet \u00e9v\u00e9nement, nous avons a \u00e9t\u00e9 missionn\u00e9 pour assurer toute la sonorisation des discours officiels, devant pr\u00e8s de 200 personnes r\u00e9unies pour c\u00e9l\u00e9brer cette r\u00e9alisation d\u2019envergure.<br>Un vrai plaisir de contribuer techniquement \u00e0 cette journ\u00e9e porteuse de sens, en pr\u00e9sence du pr\u00e9fet, des \u00e9lus et de la communaut\u00e9 \u00e9ducative \ud83d\udc4f<br><br>Merci \u00e0 la Communaut\u00e9 de communes Argonne Meuse pour sa confiance.<br><br>Comme toujours, rigueur technique, discr\u00e9tion et fiabilit\u00e9 sont les bases de notre engagement.<br><\/p>\n\n\n\n<figure class=\"wp-block-image size-large\"><img loading=\"lazy\" decoding=\"async\" width=\"1024\" height=\"768\" src=\"https:\/\/fradevents.com\/wp-content\/uploads\/2025\/06\/WhatsApp-Image-2025-06-03-a-14.02.04_917e55df-1024x768.jpg\" alt=\"\" class=\"wp-image-618\" srcset=\"https:\/\/fradevents.com\/wp-content\/uploads\/2025\/06\/WhatsApp-Image-2025-06-03-a-14.02.04_917e55df-1024x768.jpg 1024w, https:\/\/fradevents.com\/wp-content\/uploads\/2025\/06\/WhatsApp-Image-2025-06-03-a-14.02.04_917e55df-300x225.jpg 300w, https:\/\/fradevents.com\/wp-content\/uploads\/2025\/06\/WhatsApp-Image-2025-06-03-a-14.02.04_917e55df-768x576.jpg 768w, https:\/\/fradevents.com\/wp-content\/uploads\/2025\/06\/WhatsApp-Image-2025-06-03-a-14.02.04_917e55df-1536x1152.jpg 1536w, https:\/\/fradevents.com\/wp-content\/uploads\/2025\/06\/WhatsApp-Image-2025-06-03-a-14.02.04_917e55df.jpg 2016w\" sizes=\"auto, (max-width: 1024px) 100vw, 1024px\" \/><\/figure>\n\n\n\n<p><br><a href=\"https:\/\/www.linkedin.com\/search\/results\/all\/?keywords=%23fradevents&amp;origin=HASH_TAG_FROM_FEED\">hashtag#FradEvents<\/a> <a href=\"https:\/\/www.linkedin.com\/search\/results\/all\/?keywords=%23%C3%A9v%C3%A9nementinstitutionnel&amp;origin=HASH_TAG_FROM_FEED\">hashtag#\u00c9v\u00e9nementInstitutionnel<\/a> <a href=\"https:\/\/www.linkedin.com\/search\/results\/all\/?keywords=%23inauguration%C3%A9cole&amp;origin=HASH_TAG_FROM_FEED\">hashtag#Inauguration\u00c9cole<\/a> <a href=\"https:\/\/www.linkedin.com\/search\/results\/all\/?keywords=%23argonne&amp;origin=HASH_TAG_FROM_FEED\">hashtag#Argonne<\/a> <a href=\"https:\/\/www.linkedin.com\/search\/results\/all\/?keywords=%23varennesenargonne&amp;origin=HASH_TAG_FROM_FEED\">hashtag#VarennesEnArgonne<\/a> <a href=\"https:\/\/www.linkedin.com\/search\/results\/all\/?keywords=%23%C3%A9ducationrurale&amp;origin=HASH_TAG_FROM_FEED\">hashtag#\u00c9ducationRurale<\/a> <a href=\"https:\/\/www.linkedin.com\/search\/results\/all\/?keywords=%23sonorisationprofessionnelle&amp;origin=HASH_TAG_FROM_FEED\">hashtag#SonorisationProfessionnelle<\/a> <a href=\"https:\/\/www.linkedin.com\/search\/results\/all\/?keywords=%23fiert%C3%A9locale&amp;origin=HASH_TAG_FROM_FEED\">hashtag#Fiert\u00e9Locale<\/a><\/p>\n","protected":false},"excerpt":{"rendered":"<p>La semaine derni\u00e8re, l\u2019\u00c9cole des Savoirs Jean Babin a \u00e9t\u00e9 inaugur\u00e9e \u00e0 Varennes-en-Argonne \ud83c\udf93Un projet remarquable qui regroupe en un seul site moderne et lumineux : \u00e9cole maternelle, \u00e9l\u00e9mentaire, coll\u00e8ge, espace p\u00e9riscolaire et biblioth\u00e8que. Pour cet \u00e9v\u00e9nement, nous avons a \u00e9t\u00e9 missionn\u00e9 pour assurer toute la sonorisation des discours officiels, devant pr\u00e8s de 200 personnes [&hellip;]<\/p>\n","protected":false},"author":1,"featured_media":0,"comment_status":"open","ping_status":"open","sticky":false,"template":"","format":"standard","meta":{"footnotes":""},"categories":[1],"tags":[],"class_list":["post-616","post","type-post","status-publish","format-standard","hentry","category-non-classe"],"_links":{"self":[{"href":"https:\/\/fradevents.com\/index.php\/wp-json\/wp\/v2\/posts\/616","targetHints":{"allow":["GET"]}}],"collection":[{"href":"https:\/\/fradevents.com\/index.php\/wp-json\/wp\/v2\/posts"}],"about":[{"href":"https:\/\/fradevents.com\/index.php\/wp-json\/wp\/v2\/types\/post"}],"author":[{"embeddable":true,"href":"https:\/\/fradevents.com\/index.php\/wp-json\/wp\/v2\/users\/1"}],"replies":[{"embeddable":true,"href":"https:\/\/fradevents.com\/index.php\/wp-json\/wp\/v2\/comments?post=616"}],"version-history":[{"count":1,"href":"https:\/\/fradevents.com\/index.php\/wp-json\/wp\/v2\/posts\/616\/revisions"}],"predecessor-version":[{"id":619,"href":"https:\/\/fradevents.com\/index.php\/wp-json\/wp\/v2\/posts\/616\/revisions\/619"}],"wp:attachment":[{"href":"https:\/\/fradevents.com\/index.php\/wp-json\/wp\/v2\/media?parent=616"}],"wp:term":[{"taxonomy":"category","embeddable":true,"href":"https:\/\/fradevents.com\/index.php\/wp-json\/wp\/v2\/categories?post=616"},{"taxonomy":"post_tag","embeddable":true,"href":"https:\/\/fradevents.com\/index.php\/wp-json\/wp\/v2\/tags?post=616"}],"curies":[{"name":"wp","href":"https:\/\/api.w.org\/{rel}","templated":true}]}}