{"id":1,"date":"2025-02-14T13:45:30","date_gmt":"2025-02-14T12:45:30","guid":{"rendered":"http:\/\/fradevents.com\/?p=1"},"modified":"2025-02-17T14:19:09","modified_gmt":"2025-02-17T13:19:09","slug":"bonjour-tout-le-monde","status":"publish","type":"post","link":"https:\/\/fradevents.com\/index.php\/2025\/02\/14\/bonjour-tout-le-monde\/","title":{"rendered":"Bienvenue sur le nouveau site !"},"content":{"rendered":"\n<p>Bienvenue sur le site de <strong>Frad&rsquo;Event<\/strong>, votre agence sp\u00e9cialis\u00e9e dans l\u2019organisation et l\u2019animation d\u2019\u00e9v\u00e9nements ! Que vous soyez un futur mari\u00e9 en qu\u00eate d\u2019une c\u00e9l\u00e9bration inoubliable ou une entreprise souhaitant marquer les esprits avec un \u00e9v\u00e9nement professionnel, nous sommes l\u00e0 pour vous accompagner \u00e0 chaque \u00e9tape.<\/p>\n\n\n\n<h3 class=\"wp-block-heading\"><strong>Qui suis-je ?<\/strong><\/h3>\n\n\n\n<p>Je m\u2019appelle <strong>J\u00e9r\u00e9my Fradet<\/strong>, passionn\u00e9 par l\u2019\u00e9v\u00e9nementiel depuis plus de 17 ans. <strong>Animateur DJ<\/strong> de m\u00e9tier, j\u2019ai \u00e9largi mon expertise pour proposer un <strong>service d\u2019organisation sur mesure<\/strong> pour vos \u00e9v\u00e9nements, en alliant rigueur, cr\u00e9ativit\u00e9 et passion.<\/p>\n\n\n\n<h3 class=\"wp-block-heading\"><strong>Pourquoi Frad&rsquo;Event ?<\/strong><\/h3>\n\n\n\n<p>\ud83d\udc49 <strong>Un accompagnement personnalis\u00e9<\/strong> : Chaque \u00e9v\u00e9nement est unique et m\u00e9rite une attention particuli\u00e8re.<br>\ud83d\udc49 <strong>Une double expertise<\/strong> : Organisation &amp; animation DJ, pour une prestation compl\u00e8te et harmonieuse.<\/p>\n\n\n\n<figure class=\"wp-block-image aligncenter size-large is-resized has-custom-border wp-duotone-duotone-1\"><img loading=\"lazy\" decoding=\"async\" width=\"768\" height=\"1024\" src=\"https:\/\/fradevents.com\/wp-content\/uploads\/2025\/02\/WhatsApp-Image-2024-10-24-a-16.35.09_f7c8233d-1-768x1024.jpg\" alt=\"\" class=\"wp-image-197\" style=\"border-radius:30px;width:300px\" srcset=\"https:\/\/fradevents.com\/wp-content\/uploads\/2025\/02\/WhatsApp-Image-2024-10-24-a-16.35.09_f7c8233d-1-768x1024.jpg 768w, https:\/\/fradevents.com\/wp-content\/uploads\/2025\/02\/WhatsApp-Image-2024-10-24-a-16.35.09_f7c8233d-1-225x300.jpg 225w, https:\/\/fradevents.com\/wp-content\/uploads\/2025\/02\/WhatsApp-Image-2024-10-24-a-16.35.09_f7c8233d-1-1152x1536.jpg 1152w, https:\/\/fradevents.com\/wp-content\/uploads\/2025\/02\/WhatsApp-Image-2024-10-24-a-16.35.09_f7c8233d-1.jpg 1272w\" sizes=\"auto, (max-width: 768px) 100vw, 768px\" \/><\/figure>\n","protected":false},"excerpt":{"rendered":"<p>Bienvenue sur le site de Frad&rsquo;Event, votre agence sp\u00e9cialis\u00e9e dans l\u2019organisation et l\u2019animation d\u2019\u00e9v\u00e9nements ! Que vous soyez un futur mari\u00e9 en qu\u00eate d\u2019une c\u00e9l\u00e9bration inoubliable ou une entreprise souhaitant marquer les esprits avec un \u00e9v\u00e9nement professionnel, nous sommes l\u00e0 pour vous accompagner \u00e0 chaque \u00e9tape. Qui suis-je ? Je m\u2019appelle J\u00e9r\u00e9my Fradet, passionn\u00e9 par [&hellip;]<\/p>\n","protected":false},"author":1,"featured_media":0,"comment_status":"open","ping_status":"open","sticky":false,"template":"","format":"standard","meta":{"footnotes":""},"categories":[1],"tags":[],"class_list":["post-1","post","type-post","status-publish","format-standard","hentry","category-non-classe"],"_links":{"self":[{"href":"https:\/\/fradevents.com\/index.php\/wp-json\/wp\/v2\/posts\/1","targetHints":{"allow":["GET"]}}],"collection":[{"href":"https:\/\/fradevents.com\/index.php\/wp-json\/wp\/v2\/posts"}],"about":[{"href":"https:\/\/fradevents.com\/index.php\/wp-json\/wp\/v2\/types\/post"}],"author":[{"embeddable":true,"href":"https:\/\/fradevents.com\/index.php\/wp-json\/wp\/v2\/users\/1"}],"replies":[{"embeddable":true,"href":"https:\/\/fradevents.com\/index.php\/wp-json\/wp\/v2\/comments?post=1"}],"version-history":[{"count":3,"href":"https:\/\/fradevents.com\/index.php\/wp-json\/wp\/v2\/posts\/1\/revisions"}],"predecessor-version":[{"id":201,"href":"https:\/\/fradevents.com\/index.php\/wp-json\/wp\/v2\/posts\/1\/revisions\/201"}],"wp:attachment":[{"href":"https:\/\/fradevents.com\/index.php\/wp-json\/wp\/v2\/media?parent=1"}],"wp:term":[{"taxonomy":"category","embeddable":true,"href":"https:\/\/fradevents.com\/index.php\/wp-json\/wp\/v2\/categories?post=1"},{"taxonomy":"post_tag","embeddable":true,"href":"https:\/\/fradevents.com\/index.php\/wp-json\/wp\/v2\/tags?post=1"}],"curies":[{"name":"wp","href":"https:\/\/api.w.org\/{rel}","templated":true}]}}